[{"@context":"https:\/\/schema.org\/","@type":"Article","@id":"https:\/\/www.stavox.cz\/kupte-si-mobilni-dum\/#Article","mainEntityOfPage":"https:\/\/www.stavox.cz\/kupte-si-mobilni-dum\/","headline":"Kupte si mobiln\u00ed d\u016fm","name":"Kupte si mobiln\u00ed d\u016fm","description":"Pokud byste si cht\u011bli zakoupit mobiln\u00ed d\u016fm, dnes tu m\u00e1m pro v\u00e1s speci\u00e1ln\u00ed nab\u00eddku. Cht\u011bla bych v\u00e1m p\u0159edstavit Lavaro House","datePublished":"2022-02-07","dateModified":"2022-02-07","author":{"@type":"Person","@id":"https:\/\/www.stavox.cz\/author\/#Person","name":"","url":"https:\/\/www.stavox.cz\/author\/","identifier":1,"image":{"@type":"ImageObject","@id":"https:\/\/secure.gravatar.com\/avatar\/bf8a2da9791e94b6eb5cec245ee5eeceecb651e79e829278e2c546441579397e?s=96&d=mm&r=g","url":"https:\/\/secure.gravatar.com\/avatar\/bf8a2da9791e94b6eb5cec245ee5eeceecb651e79e829278e2c546441579397e?s=96&d=mm&r=g","height":96,"width":96}},"publisher":{"@type":"Organization","name":"stavox.cz","logo":{"@type":"ImageObject","@id":"\/logo.png","url":"\/logo.png","width":600,"height":60}},"image":{"@type":"ImageObject","@id":"https:\/\/www.stavox.cz\/wp-content\/uploads\/bath-2192_640.jpg","url":"https:\/\/www.stavox.cz\/wp-content\/uploads\/bath-2192_640.jpg","height":0,"width":0},"url":"https:\/\/www.stavox.cz\/kupte-si-mobilni-dum\/","about":["Dovolen\u00e1"],"wordCount":400,"articleBody":"   Pokud byste si cht\u011bli zakoupit mobiln\u00ed d\u016fm, dnes tu m\u00e1m pro v\u00e1s speci\u00e1ln\u00ed nab\u00eddku. Cht\u011bla bych v\u00e1m p\u0159edstavit Lavaro House 6 nr.21 https:\/\/www.top-mobilnidomy.cz\/mobilheimy\/-704\/, kter\u00fd je opravdu p\u0159ekr\u00e1sn\u00fd. Kdy\u017e k n\u011bmu p\u0159ijdeme m\u016f\u017eeme vid\u011bt, \u017ee m\u00e1 n\u00e1dhernou \u0161edou barvu &#8211; tato barva je v\u011bt\u0161inou znakem minimalistick\u00e9ho stylu. Tak\u00e9 m\u016f\u017eeme vid\u011bt zvenku jeho n\u00e1dhern\u00e1, velk\u00e1 a prostorn\u00e1 okna, kter\u00e1 by snad dok\u00e1zala nadchnout \u00fapln\u011b ka\u017ed\u00e9ho. Kdy\u017e vejdeme do mobiln\u00edho domu, prvn\u00ed, co n\u00e1s upout\u00e1, je kuchyn\u011b, kter\u00e1 je spojena s ob\u00fdvac\u00edm pokojem. Kuchyn\u011b je velice prostorn\u00e1 a praktick\u00e1, m\u016f\u017eeme v n\u00ed nal\u00e9zt v\u0161echny v\u011bci pot\u0159ebn\u00e9 k va\u0159en\u00ed. Naproti kuchyni je men\u0161\u00ed j\u00eddeln\u00ed stole\u010dek obklopen\u00fd \u017eidli\u010dkami. Kuchyn\u011b, stole\u010dek i \u017eidli\u010dky jsou za\u0159\u00edzen\u00e9 do \u0161ed\u00e9 barvy. Na j\u00eddeln\u00edm stolku je rozprost\u0159en \u0161ed\u00fd ubrus, kter\u00fd vypad\u00e1 v kombinaci s ostatn\u00edm n\u00e1bytkem velice hezky. Naproti j\u00eddeln\u00edmu stolku je seda\u010dka (kter\u00e1 je velk\u00e1 a prostorn\u00e1) s \u010derven\u00fdmi v\u00fdrazn\u00fdmi pol\u0161t\u00e1\u0159ky. V\u0161emu dod\u00e1vaj\u00ed korunu \u0161ed\u00e9 z\u00e1v\u011bsy, kter\u00e9 se sem do tohoto mobiln\u00edho domku neskute\u010dn\u011b hod\u00ed. Naproti seda\u010dce je mal\u00fd konferen\u010dn\u00ed stolek, kter\u00fd je v b\u00edl\u00e9 barv\u011b a m\u00e1 na sob\u011b polo\u017een \u010derven\u00fd ubrus. Co se t\u00fd\u010de kuchyn\u011b, m\u00e1 ten nejmodern\u011bj\u0161\u00ed n\u00e1bytek, jak\u00fd si v dne\u0161n\u00ed dob\u011b dok\u00e1\u017eete p\u0159edstavit &#8211; a byl i docela drah\u00fd.Kuchyni zdob\u00ed hn\u011bdo-\u010dern\u00e9 parkety. Lednice je b\u00edl\u00e1 a taky je v tom nejmodern\u011bj\u0161\u00edm stylu. D\u0159ez v kuchyni je za\u0159\u00edzen velice zvl\u00e1\u0161tn\u011b, ale minimalisticky. Je men\u0161\u00ed a m\u00e1 b\u00e9\u017eovou barvu, kter\u00e1 se skv\u011ble hod\u00ed do interi\u00e9ru mobiln\u00edho domu. Sou\u010d\u00e1st\u00ed kuchyn\u011b je i my\u010dka &#8211; do kter\u00e9 jen d\u00e1te n\u00e1dob\u00ed a ona ho sama umyje. Dal\u0161\u00ed takovou m\u00edstnost\u00ed je koupelna &#8211; v n\u00ed je v\u011bt\u0161\u00ed sprchov\u00fd kout a dob\u0159e osv\u011b\u017euje, hlavn\u011b v l\u00e9t\u011b v neskute\u010dn\u00fdch vedrech. V koupeln\u011b je i pra\u010dka, kter\u00e1 pere oble\u010den\u00ed. Umyvadlo je zde tak\u00e9. V koupeln\u011b jsou i poli\u010dky, do kter\u00fdch se daj\u00ed d\u00e1t hygienick\u00e9 pot\u0159eby, jako je kart\u00e1\u010dek na zuby.                                                                                                                                                                                                                                                                                                                                                                                          4.7\/5 - (10 votes)        "},{"@context":"https:\/\/schema.org\/","@type":"BreadcrumbList","itemListElement":[{"@type":"ListItem","position":1,"name":"Kupte si mobiln\u00ed d\u016fm","item":"https:\/\/www.stavox.cz\/kupte-si-mobilni-dum\/#breadcrumbitem"}]}]